{"id":5725,"date":"2026-03-04T19:40:10","date_gmt":"2026-03-04T18:40:10","guid":{"rendered":"http:\/\/ceiptorrevieja.es\/?p=5725"},"modified":"2026-03-04T19:40:10","modified_gmt":"2026-03-04T18:40:10","slug":"entrega-de-boletines-de-notas","status":"publish","type":"post","link":"https:\/\/ceiptorrevieja.es\/?p=5725","title":{"rendered":"ENTREGA DE BOLETINES DE NOTAS"},"content":{"rendered":"\n<p class=\"has-text-align-center\"><\/p>\n\n\n\n<p id=\"block-e1f6fcc5-b40d-4a6e-9f63-dde3681fd4e8\">Estimadas familias:<br>Les informamos que la entrega de los boletines de notas, se har\u00e1 mediante <strong>SOBRE CERRADO al alumnado de Primaria  <\/strong>y a trav\u00e9s de la <strong>herramienta Ipasen  <\/strong><em><strong><u>el MI\u00c9RCOLES  25 de <\/u>MARZO.<\/strong><\/em><\/p>\n\n\n\n<p><strong>Las Familias del alumnado de Infantil<\/strong> recoger\u00e1 los trabajos y las calificaciones  <em><strong><u>el MI\u00c9RCOLES  25 de <\/u>MARZO.<\/strong><\/em>  a las 9 h de la ma\u00f1ana.<\/p>\n\n\n\n<p>A continuaci\u00f3n, os a\u00f1adimos un v\u00eddeo ilustrativo, d\u00f3nde se muestra c\u00f3mo pod\u00e9is acceder a ellas.<\/p>\n\n\n\n<p>\u201cComo acceder desde iPasen a los documentos finales de evaluaci\u00f3n.\u201d<\/p>\n\n\n\n<figure class=\"wp-block-image size-full is-resized\"><a href=\"https:\/\/www.youtube.com\/watch?v=3D1UBSi-dmo\"><img loading=\"lazy\" src=\"https:\/\/ceiptorrevieja.es\/wp-content\/uploads\/2022\/12\/image-edited.png\" alt=\"\" class=\"wp-image-5121\" width=\"528\" height=\"226\"\/><\/a><\/figure>\n\n\n\n<p><\/p>\n\n\n\n<ol type=\"1\"><li>Desde el punto de recogida &gt; donde se podr\u00e1n descargar el bolet\u00edn de calificaciones.<\/li><\/ol>\n\n\n\n<p>&nbsp;&nbsp;&nbsp;&nbsp;&nbsp;&nbsp;&nbsp;&nbsp;&nbsp;&nbsp;&nbsp; <\/p>\n\n\n\n<p>&nbsp;&nbsp;&nbsp;&nbsp;&nbsp;&nbsp;&nbsp;&nbsp;&nbsp;&nbsp;&nbsp; Si desean resolver alguna duda o aclarar alguna otra informaci\u00f3n, pueden contactar con el centro y el tutor\/a  utilizando los medios habituales de comunicaci\u00f3n.<\/p>\n\n\n\n<p>Por \u00faltimo, desde el Equipo directivo queremos aprovechar la ocasi\u00f3n para agradecer el enorme esfuerzo y apoyo que hab\u00e9is realizado durante todo el trimestre. Nos consta que toda la Comunidad educativa -docentes, alumnado y familias, hab\u00e9is trabajado much\u00edsimo desde el inicio de curso, por lo que os damos la enhorabuena.<\/p>\n\n\n\n<p>Desde el claustro de profesores del CEIP TORREVIEJA les deseamos una FELIZ SEMANA SANTA.<\/p>\n\n\n\n<p class=\"has-text-align-center\"><\/p>\n\n\n\n<p>&nbsp;Saludos<\/p>\n\n\n\n<p><\/p>\n","protected":false},"excerpt":{"rendered":"<p>Estimadas familias:Les informamos que la entrega de los boletines de notas, se har\u00e1 mediante SOBRE CERRADO al alumnado de Primaria<\/p>\n","protected":false},"author":2,"featured_media":0,"comment_status":"closed","ping_status":"open","sticky":false,"template":"","format":"standard","meta":[],"categories":[1],"tags":[],"_links":{"self":[{"href":"https:\/\/ceiptorrevieja.es\/index.php?rest_route=\/wp\/v2\/posts\/5725"}],"collection":[{"href":"https:\/\/ceiptorrevieja.es\/index.php?rest_route=\/wp\/v2\/posts"}],"about":[{"href":"https:\/\/ceiptorrevieja.es\/index.php?rest_route=\/wp\/v2\/types\/post"}],"author":[{"embeddable":true,"href":"https:\/\/ceiptorrevieja.es\/index.php?rest_route=\/wp\/v2\/users\/2"}],"replies":[{"embeddable":true,"href":"https:\/\/ceiptorrevieja.es\/index.php?rest_route=%2Fwp%2Fv2%2Fcomments&post=5725"}],"version-history":[{"count":7,"href":"https:\/\/ceiptorrevieja.es\/index.php?rest_route=\/wp\/v2\/posts\/5725\/revisions"}],"predecessor-version":[{"id":8989,"href":"https:\/\/ceiptorrevieja.es\/index.php?rest_route=\/wp\/v2\/posts\/5725\/revisions\/8989"}],"wp:attachment":[{"href":"https:\/\/ceiptorrevieja.es\/index.php?rest_route=%2Fwp%2Fv2%2Fmedia&parent=5725"}],"wp:term":[{"taxonomy":"category","embeddable":true,"href":"https:\/\/ceiptorrevieja.es\/index.php?rest_route=%2Fwp%2Fv2%2Fcategories&post=5725"},{"taxonomy":"post_tag","embeddable":true,"href":"https:\/\/ceiptorrevieja.es\/index.php?rest_route=%2Fwp%2Fv2%2Ftags&post=5725"}],"curies":[{"name":"wp","href":"https:\/\/api.w.org\/{rel}","templated":true}]}}