{"id":5034,"date":"2022-11-28T14:07:27","date_gmt":"2022-11-28T13:07:27","guid":{"rendered":"http:\/\/ceiptorrevieja.es\/?p=5034"},"modified":"2022-11-28T14:08:32","modified_gmt":"2022-11-28T13:08:32","slug":"4-de-diciembre-dia-de-la-bandera-andaluza","status":"publish","type":"post","link":"https:\/\/ceiptorrevieja.es\/?p=5034","title":{"rendered":"4 DE DICIEMBRE DIA DE LA BANDERA ANDALUZA"},"content":{"rendered":"\n<p><\/p>\n\n\n\n<figure class=\"wp-block-image size-full\"><img loading=\"lazy\" width=\"619\" height=\"312\" src=\"https:\/\/ceiptorrevieja.es\/wp-content\/uploads\/2022\/11\/image-12.png\" alt=\"\" class=\"wp-image-5035\" srcset=\"https:\/\/ceiptorrevieja.es\/wp-content\/uploads\/2022\/11\/image-12.png 619w, https:\/\/ceiptorrevieja.es\/wp-content\/uploads\/2022\/11\/image-12-300x151.png 300w\" sizes=\"(max-width: 619px) 100vw, 619px\" \/><\/figure>\n\n\n\n<p>Se cumplen 35 a\u00f1os de aquel d\u00eda en que alrededor de dos millones de andaluces se manifestaron reclamando libertad y un estatuto de autonom\u00eda. Era el 4 de diciembre de 1977 y el clamor de un pueblo reson\u00f3 en todos los rincones de su tierra. Por aquel entonces se estaba empezando a dise\u00f1ar un modelo auton\u00f3mico que primaba a unas autonom\u00edas en perjuicio de otras, y los andaluces salieron a reivindicar su derecho a que su identidad no era menor a otras. Un mar de banderas blancas y verdes ocuparon las calles en una jornada que tambi\u00e9n se encontr\u00f3 con la oposici\u00f3n de elementos residuales del franquismo, y con la represi\u00f3n de algunos miembros de las fuerzas de seguridad. En M\u00e1laga, el joven Garc\u00eda Caparr\u00f3s ca\u00eda abatido por un disparo en el transcurso de la manifestaci\u00f3n. Un recuerdo a aquel d\u00eda hist\u00f3rico en que Andaluc\u00eda inici\u00f3 su camino a la autonom\u00eda.<\/p>\n\n\n\n<p><a href=\"https:\/\/www.youtube.com\/watch?v=N-GTg1l7njg\">VER VIDEO<\/a><\/p>\n\n\n\n<figure class=\"wp-block-image size-full\"><a href=\"https:\/\/www.youtube.com\/watch?v=N-GTg1l7njg\"><img loading=\"lazy\" width=\"230\" height=\"157\" src=\"https:\/\/ceiptorrevieja.es\/wp-content\/uploads\/2022\/11\/image-13.png\" alt=\"\" class=\"wp-image-5036\" srcset=\"https:\/\/ceiptorrevieja.es\/wp-content\/uploads\/2022\/11\/image-13.png 230w, https:\/\/ceiptorrevieja.es\/wp-content\/uploads\/2022\/11\/image-13-130x90.png 130w\" sizes=\"(max-width: 230px) 100vw, 230px\" \/><\/a><\/figure>\n\n\n\n<p><\/p>\n","protected":false},"excerpt":{"rendered":"<p>Se cumplen 35 a\u00f1os de aquel d\u00eda en que alrededor de dos millones de andaluces se manifestaron reclamando libertad y<\/p>\n","protected":false},"author":2,"featured_media":5035,"comment_status":"closed","ping_status":"open","sticky":false,"template":"","format":"standard","meta":[],"categories":[1],"tags":[],"_links":{"self":[{"href":"https:\/\/ceiptorrevieja.es\/index.php?rest_route=\/wp\/v2\/posts\/5034"}],"collection":[{"href":"https:\/\/ceiptorrevieja.es\/index.php?rest_route=\/wp\/v2\/posts"}],"about":[{"href":"https:\/\/ceiptorrevieja.es\/index.php?rest_route=\/wp\/v2\/types\/post"}],"author":[{"embeddable":true,"href":"https:\/\/ceiptorrevieja.es\/index.php?rest_route=\/wp\/v2\/users\/2"}],"replies":[{"embeddable":true,"href":"https:\/\/ceiptorrevieja.es\/index.php?rest_route=%2Fwp%2Fv2%2Fcomments&post=5034"}],"version-history":[{"count":1,"href":"https:\/\/ceiptorrevieja.es\/index.php?rest_route=\/wp\/v2\/posts\/5034\/revisions"}],"predecessor-version":[{"id":5037,"href":"https:\/\/ceiptorrevieja.es\/index.php?rest_route=\/wp\/v2\/posts\/5034\/revisions\/5037"}],"wp:featuredmedia":[{"embeddable":true,"href":"https:\/\/ceiptorrevieja.es\/index.php?rest_route=\/wp\/v2\/media\/5035"}],"wp:attachment":[{"href":"https:\/\/ceiptorrevieja.es\/index.php?rest_route=%2Fwp%2Fv2%2Fmedia&parent=5034"}],"wp:term":[{"taxonomy":"category","embeddable":true,"href":"https:\/\/ceiptorrevieja.es\/index.php?rest_route=%2Fwp%2Fv2%2Fcategories&post=5034"},{"taxonomy":"post_tag","embeddable":true,"href":"https:\/\/ceiptorrevieja.es\/index.php?rest_route=%2Fwp%2Fv2%2Ftags&post=5034"}],"curies":[{"name":"wp","href":"https:\/\/api.w.org\/{rel}","templated":true}]}}